{"id":1161,"date":"2022-09-26T13:42:24","date_gmt":"2022-09-26T13:42:24","guid":{"rendered":"https:\/\/xaendi.ch\/wordpress\/?p=1161"},"modified":"2022-09-27T11:42:54","modified_gmt":"2022-09-27T11:42:54","slug":"ein-wochenende-in-ardez","status":"publish","type":"post","link":"https:\/\/xaendi.ch\/wordpress\/?p=1161","title":{"rendered":"Ein Wochenende in Ardez"},"content":{"rendered":"\n<p>Dar\u00fcber soll meine Chefin berichten, bei mir w\u00fcrde der Bericht h\u00f6chstens f\u00fcnf Zeilen lang \ud83d\ude04 und vermutlich ziemlich langweilig, ausser vielleicht die Geschichte mit den Schafen! Alles klar X\u00e4ndi, dann \u00fcbernehme ich mal \ud83e\udd17&#8230;.<\/p>\n\n\n\n<figure class=\"wp-block-image size-large\"><a href=\"https:\/\/xaendi.ch\/wordpress\/wp-content\/uploads\/2022\/09\/2022-09-10-Weekend-in-Ardez-7.jpeg\"><img loading=\"lazy\" decoding=\"async\" width=\"1024\" height=\"768\" src=\"https:\/\/xaendi.ch\/wordpress\/wp-content\/uploads\/2022\/09\/2022-09-10-Weekend-in-Ardez-7-1024x768.jpeg\" alt=\"\" class=\"wp-image-1152\" srcset=\"https:\/\/xaendi.ch\/wordpress\/wp-content\/uploads\/2022\/09\/2022-09-10-Weekend-in-Ardez-7-1024x768.jpeg 1024w, https:\/\/xaendi.ch\/wordpress\/wp-content\/uploads\/2022\/09\/2022-09-10-Weekend-in-Ardez-7-300x225.jpeg 300w, https:\/\/xaendi.ch\/wordpress\/wp-content\/uploads\/2022\/09\/2022-09-10-Weekend-in-Ardez-7-768x576.jpeg 768w, https:\/\/xaendi.ch\/wordpress\/wp-content\/uploads\/2022\/09\/2022-09-10-Weekend-in-Ardez-7-1200x900.jpeg 1200w, https:\/\/xaendi.ch\/wordpress\/wp-content\/uploads\/2022\/09\/2022-09-10-Weekend-in-Ardez-7.jpeg 1280w\" sizes=\"auto, (max-width: 709px) 85vw, (max-width: 909px) 67vw, (max-width: 1362px) 62vw, 840px\" \/><\/a><figcaption>Ardez<\/figcaption><\/figure>\n\n\n\n<p>Die Appenzeller sind ein sehr geselliges V\u00f6lkchen. Wir wohnen unmittelbar neben der Mehrzweckhalle und haben diverse Feste und deren unvermeidliche L\u00e4rmemissionen nun schon ein paar Mal hautnah miterlebt. Als die Plakate f\u00fcr die diesj\u00e4hrige &#171;Chilbi&#187; aufgestellt wurden, entschlossen wir uns spontan, das betroffene Wochenende in <a href=\"http:\/\/Schorta's Alvetern: Naturnahe Ferienhttps:\/\/www.alvetern.ch\" data-type=\"URL\" data-id=\"Schorta's Alvetern: Naturnahe Ferienhttps:\/\/www.alvetern.ch\">Schorta&#8217;s Alvetern<\/a> in Ardez zu verbringen. X\u00e4ndi war inzwischen &#171;Hotel gepr\u00fcft&#187; \ud83d\ude09 und wir hatten das Hotel in der Vergangenheit bereits als sehr hundefreundlich kennengelernt.<\/p>\n\n\n\n<p>Wir hatten von Freitag bis Montag gebucht, damit wir zwei volle Tage f\u00fcr&#8217;s wandern einsetzen konnten. Am Samstag herrschte zwar kein krachender Sonnenschein, aber gem\u00e4ss Vorhersage sollten wir wenigstens keinen Regen abkriegen. Also entschlossen wir uns, die Wanderung zur Alp Valmala zu machen. <\/p>\n\n\n\n<figure class=\"wp-block-image size-large is-resized\"><a href=\"https:\/\/xaendi.ch\/wordpress\/wp-content\/uploads\/2022\/09\/2022-09-10-Weekend-in-Ardez-2.jpeg\"><img loading=\"lazy\" decoding=\"async\" src=\"https:\/\/xaendi.ch\/wordpress\/wp-content\/uploads\/2022\/09\/2022-09-10-Weekend-in-Ardez-2-1024x992.jpeg\" alt=\"\" class=\"wp-image-1160\" width=\"768\" height=\"744\" srcset=\"https:\/\/xaendi.ch\/wordpress\/wp-content\/uploads\/2022\/09\/2022-09-10-Weekend-in-Ardez-2-1024x992.jpeg 1024w, https:\/\/xaendi.ch\/wordpress\/wp-content\/uploads\/2022\/09\/2022-09-10-Weekend-in-Ardez-2-300x291.jpeg 300w, https:\/\/xaendi.ch\/wordpress\/wp-content\/uploads\/2022\/09\/2022-09-10-Weekend-in-Ardez-2-768x744.jpeg 768w, https:\/\/xaendi.ch\/wordpress\/wp-content\/uploads\/2022\/09\/2022-09-10-Weekend-in-Ardez-2-1200x1163.jpeg 1200w, https:\/\/xaendi.ch\/wordpress\/wp-content\/uploads\/2022\/09\/2022-09-10-Weekend-in-Ardez-2.jpeg 1280w\" sizes=\"auto, (max-width: 709px) 85vw, (max-width: 909px) 67vw, (max-width: 984px) 61vw, (max-width: 1362px) 45vw, 600px\" \/><\/a><figcaption>Na, wo bleibt ihr denn?<\/figcaption><\/figure>\n\n\n\n<p>Das w\u00fcrde f\u00fcr X\u00e4ndi eine neue Herausforderung werden. Die L\u00e4nge der Wanderung war neu f\u00fcr sie. Da wir die Strecke jedoch schon zwei mal gemacht hatten, kannten wir die Tour und waren sicher, dass sie dies schaffen w\u00fcrde.<\/p>\n\n\n\n<figure class=\"wp-block-image size-large is-resized\"><a href=\"https:\/\/xaendi.ch\/wordpress\/wp-content\/uploads\/2022\/09\/Ardez_Valmala_Verlauf.png\"><img loading=\"lazy\" decoding=\"async\" src=\"https:\/\/xaendi.ch\/wordpress\/wp-content\/uploads\/2022\/09\/Ardez_Valmala_Verlauf.png\" alt=\"\" class=\"wp-image-1146\" width=\"654\" height=\"1187\" srcset=\"https:\/\/xaendi.ch\/wordpress\/wp-content\/uploads\/2022\/09\/Ardez_Valmala_Verlauf.png 1308w, https:\/\/xaendi.ch\/wordpress\/wp-content\/uploads\/2022\/09\/Ardez_Valmala_Verlauf-165x300.png 165w, https:\/\/xaendi.ch\/wordpress\/wp-content\/uploads\/2022\/09\/Ardez_Valmala_Verlauf-564x1024.png 564w, https:\/\/xaendi.ch\/wordpress\/wp-content\/uploads\/2022\/09\/Ardez_Valmala_Verlauf-768x1394.png 768w, https:\/\/xaendi.ch\/wordpress\/wp-content\/uploads\/2022\/09\/Ardez_Valmala_Verlauf-846x1536.png 846w, https:\/\/xaendi.ch\/wordpress\/wp-content\/uploads\/2022\/09\/Ardez_Valmala_Verlauf-1128x2048.png 1128w, https:\/\/xaendi.ch\/wordpress\/wp-content\/uploads\/2022\/09\/Ardez_Valmala_Verlauf-1200x2178.png 1200w\" sizes=\"auto, (max-width: 709px) 85vw, (max-width: 909px) 67vw, (max-width: 984px) 61vw, (max-width: 1362px) 45vw, 600px\" \/><\/a><\/figure>\n\n\n\n<figure class=\"wp-block-image size-full is-resized\"><a href=\"https:\/\/xaendi.ch\/wordpress\/wp-content\/uploads\/2022\/09\/Ardez_Valmala_Statistik.png\"><img loading=\"lazy\" decoding=\"async\" src=\"https:\/\/xaendi.ch\/wordpress\/wp-content\/uploads\/2022\/09\/Ardez_Valmala_Statistik.png\" alt=\"\" class=\"wp-image-1145\" width=\"281\" height=\"330\" srcset=\"https:\/\/xaendi.ch\/wordpress\/wp-content\/uploads\/2022\/09\/Ardez_Valmala_Statistik.png 504w, https:\/\/xaendi.ch\/wordpress\/wp-content\/uploads\/2022\/09\/Ardez_Valmala_Statistik-255x300.png 255w\" sizes=\"auto, (max-width: 281px) 85vw, 281px\" \/><\/a><\/figure>\n\n\n\n<figure class=\"wp-block-gallery has-nested-images columns-default is-cropped wp-block-gallery-1 is-layout-flex wp-block-gallery-is-layout-flex\">\n<figure class=\"wp-block-image size-medium\"><a href=\"https:\/\/xaendi.ch\/wordpress\/wp-content\/uploads\/2022\/09\/2022-09-10-Weekend-in-Ardez-1.jpeg\"><img loading=\"lazy\" decoding=\"async\" width=\"259\" height=\"300\" data-id=\"1147\" src=\"https:\/\/xaendi.ch\/wordpress\/wp-content\/uploads\/2022\/09\/2022-09-10-Weekend-in-Ardez-1-259x300.jpeg\" alt=\"\" class=\"wp-image-1147\" srcset=\"https:\/\/xaendi.ch\/wordpress\/wp-content\/uploads\/2022\/09\/2022-09-10-Weekend-in-Ardez-1-259x300.jpeg 259w, https:\/\/xaendi.ch\/wordpress\/wp-content\/uploads\/2022\/09\/2022-09-10-Weekend-in-Ardez-1-885x1024.jpeg 885w, https:\/\/xaendi.ch\/wordpress\/wp-content\/uploads\/2022\/09\/2022-09-10-Weekend-in-Ardez-1-768x889.jpeg 768w, https:\/\/xaendi.ch\/wordpress\/wp-content\/uploads\/2022\/09\/2022-09-10-Weekend-in-Ardez-1.jpeg 1106w\" sizes=\"auto, (max-width: 259px) 85vw, 259px\" \/><\/a><\/figure>\n\n\n\n<figure class=\"wp-block-image size-medium\"><a href=\"https:\/\/xaendi.ch\/wordpress\/wp-content\/uploads\/2022\/09\/482017DC-DDC8-4CA0-BEF5-87F72D7D3C82_1_105_c.jpeg\"><img loading=\"lazy\" decoding=\"async\" width=\"300\" height=\"173\" data-id=\"1144\" src=\"https:\/\/xaendi.ch\/wordpress\/wp-content\/uploads\/2022\/09\/482017DC-DDC8-4CA0-BEF5-87F72D7D3C82_1_105_c-300x173.jpeg\" alt=\"\" class=\"wp-image-1144\" srcset=\"https:\/\/xaendi.ch\/wordpress\/wp-content\/uploads\/2022\/09\/482017DC-DDC8-4CA0-BEF5-87F72D7D3C82_1_105_c-300x173.jpeg 300w, https:\/\/xaendi.ch\/wordpress\/wp-content\/uploads\/2022\/09\/482017DC-DDC8-4CA0-BEF5-87F72D7D3C82_1_105_c-1024x591.jpeg 1024w, https:\/\/xaendi.ch\/wordpress\/wp-content\/uploads\/2022\/09\/482017DC-DDC8-4CA0-BEF5-87F72D7D3C82_1_105_c-768x443.jpeg 768w, https:\/\/xaendi.ch\/wordpress\/wp-content\/uploads\/2022\/09\/482017DC-DDC8-4CA0-BEF5-87F72D7D3C82_1_105_c.jpeg 1166w\" sizes=\"auto, (max-width: 300px) 85vw, 300px\" \/><\/a><\/figure>\n<\/figure>\n\n\n\n<p><\/p>\n\n\n\n<p>Unterwegs gab es auf einmal wildes Gebl\u00f6cke, schnell X\u00e4ndi an die Leine nehmen, das m\u00fcssen Schafe sein. Ja, da war ein ziemlich grosser Auftrieb im Gange und wir schlussendlich mittendrin. Chris wurde auf dem schmalen Weg  zeitweise richtiggehend von einer Schafherde mit wenigen Metern Abstand im G\u00e4nsemarsch verfolgt, leider konnte ich das vor lauter Aufregung nicht mehr filmisch festhalten. Als sie dann aber durch das lautstarke Gebell von X\u00e4ndi realisierten, dass da ein Hund vorne war, hielten sie auf einmal respektvollen Abstand.<\/p>\n\n\n\n<figure class=\"wp-block-video\"><video height=\"360\" style=\"aspect-ratio: 640 \/ 360;\" width=\"640\" controls poster=\"https:\/\/xaendi.ch\/wordpress\/wp-content\/uploads\/2022\/09\/Ardez-Schafauftrieb-SD-480p-mov-image.jpg\" src=\"https:\/\/xaendi.ch\/wordpress\/wp-content\/uploads\/2022\/09\/Ardez-Schafauftrieb-SD-480p.mov\"><\/video><figcaption>aus der Sicht von X\u00e4ndi..<\/figcaption><\/figure>\n\n\n\n<p>Wir, im Speziellen Chris, waren nicht ungl\u00fccklich als der Ausgang aus der umz\u00e4unten Schafweide endlich in Sichtweite geriet. X\u00e4ndi war w\u00e4hrend der gesamten Durchquerung trotz kurzer Leine schier am Ausrasten und kann sich mit ihren knapp 19 kg schon m\u00e4chtig ins Zeug legen.<\/p>\n\n\n\n<figure class=\"wp-block-video\"><video height=\"608\" style=\"aspect-ratio: 1080 \/ 608;\" width=\"1080\" controls poster=\"https:\/\/xaendi.ch\/wordpress\/wp-content\/uploads\/2022\/09\/Ardez-Brunnen-1080WebShareName-mov-image.jpg\" src=\"https:\/\/xaendi.ch\/wordpress\/wp-content\/uploads\/2022\/09\/Ardez-Brunnen-1080WebShareName.mov\"><\/video><\/figure>\n\n\n\n<p><\/p>\n\n\n\n<p>Auf der Alp Valmala angekommen, gab es eine sch\u00f6ne Pause mit einem k\u00fchlen Getr\u00e4nk. Durch die Bise wurde uns aber ziemlich schnell k\u00fchl und wir machten uns auf den Heimweg. Es war wie immer eine sch\u00f6ne Wanderung und X\u00e4ndi hatte es gut geschafft. Am Abend war sie dann ziemlich platt und strampelte fr\u00f6hlich durch ihre Schafstr\u00e4ume \ud83e\udd2d.<\/p>\n\n\n\n<p>Am Sonntag gab es nur noch eine kurze, gem\u00fctliche Tour von Ardez nach Guarda Bahnstation. Ein sehr sch\u00f6ner Weg schl\u00e4ngelte sich dem Inn entlang. Dabei passierten wir auch <a href=\"https:\/\/de.wikipedia.org\/wiki\/Sur_En_(Ardez)\">Sur En<\/a>, ein sehr h\u00fcbsches, altes Dorf.<\/p>\n\n\n\n<figure class=\"wp-block-gallery has-nested-images columns-default is-cropped wp-block-gallery-2 is-layout-flex wp-block-gallery-is-layout-flex\">\n<figure class=\"wp-block-image size-medium\"><a href=\"https:\/\/xaendi.ch\/wordpress\/wp-content\/uploads\/2022\/09\/2022-09-10-Weekend-in-Ardez-4.jpeg\"><img loading=\"lazy\" decoding=\"async\" width=\"300\" height=\"225\" data-id=\"1149\" src=\"https:\/\/xaendi.ch\/wordpress\/wp-content\/uploads\/2022\/09\/2022-09-10-Weekend-in-Ardez-4-300x225.jpeg\" alt=\"\" class=\"wp-image-1149\" srcset=\"https:\/\/xaendi.ch\/wordpress\/wp-content\/uploads\/2022\/09\/2022-09-10-Weekend-in-Ardez-4-300x225.jpeg 300w, https:\/\/xaendi.ch\/wordpress\/wp-content\/uploads\/2022\/09\/2022-09-10-Weekend-in-Ardez-4-1024x768.jpeg 1024w, https:\/\/xaendi.ch\/wordpress\/wp-content\/uploads\/2022\/09\/2022-09-10-Weekend-in-Ardez-4-768x576.jpeg 768w, https:\/\/xaendi.ch\/wordpress\/wp-content\/uploads\/2022\/09\/2022-09-10-Weekend-in-Ardez-4-1200x900.jpeg 1200w, https:\/\/xaendi.ch\/wordpress\/wp-content\/uploads\/2022\/09\/2022-09-10-Weekend-in-Ardez-4.jpeg 1280w\" sizes=\"auto, (max-width: 300px) 85vw, 300px\" \/><\/a><figcaption>wundersch\u00f6nes Engadiner Haus<\/figcaption><\/figure>\n\n\n\n<figure class=\"wp-block-image size-medium\"><a href=\"https:\/\/xaendi.ch\/wordpress\/wp-content\/uploads\/2022\/09\/2022-09-10-Weekend-in-Ardez-6.jpeg\"><img loading=\"lazy\" decoding=\"async\" width=\"300\" height=\"225\" data-id=\"1151\" src=\"https:\/\/xaendi.ch\/wordpress\/wp-content\/uploads\/2022\/09\/2022-09-10-Weekend-in-Ardez-6-300x225.jpeg\" alt=\"\" class=\"wp-image-1151\" srcset=\"https:\/\/xaendi.ch\/wordpress\/wp-content\/uploads\/2022\/09\/2022-09-10-Weekend-in-Ardez-6-300x225.jpeg 300w, https:\/\/xaendi.ch\/wordpress\/wp-content\/uploads\/2022\/09\/2022-09-10-Weekend-in-Ardez-6-1024x768.jpeg 1024w, https:\/\/xaendi.ch\/wordpress\/wp-content\/uploads\/2022\/09\/2022-09-10-Weekend-in-Ardez-6-768x576.jpeg 768w, https:\/\/xaendi.ch\/wordpress\/wp-content\/uploads\/2022\/09\/2022-09-10-Weekend-in-Ardez-6-1200x900.jpeg 1200w, https:\/\/xaendi.ch\/wordpress\/wp-content\/uploads\/2022\/09\/2022-09-10-Weekend-in-Ardez-6.jpeg 1280w\" sizes=\"auto, (max-width: 300px) 85vw, 300px\" \/><\/a><figcaption>Sur En<\/figcaption><\/figure>\n<\/figure>\n\n\n\n<figure class=\"wp-block-gallery has-nested-images columns-default is-cropped wp-block-gallery-3 is-layout-flex wp-block-gallery-is-layout-flex\">\n<figure class=\"wp-block-image size-medium\"><a href=\"https:\/\/xaendi.ch\/wordpress\/wp-content\/uploads\/2022\/09\/2022-09-10-Weekend-in-Ardez-5.jpeg\"><img loading=\"lazy\" decoding=\"async\" width=\"300\" height=\"225\" data-id=\"1150\" src=\"https:\/\/xaendi.ch\/wordpress\/wp-content\/uploads\/2022\/09\/2022-09-10-Weekend-in-Ardez-5-300x225.jpeg\" alt=\"\" class=\"wp-image-1150\" srcset=\"https:\/\/xaendi.ch\/wordpress\/wp-content\/uploads\/2022\/09\/2022-09-10-Weekend-in-Ardez-5-300x225.jpeg 300w, https:\/\/xaendi.ch\/wordpress\/wp-content\/uploads\/2022\/09\/2022-09-10-Weekend-in-Ardez-5-1024x768.jpeg 1024w, https:\/\/xaendi.ch\/wordpress\/wp-content\/uploads\/2022\/09\/2022-09-10-Weekend-in-Ardez-5-768x576.jpeg 768w, https:\/\/xaendi.ch\/wordpress\/wp-content\/uploads\/2022\/09\/2022-09-10-Weekend-in-Ardez-5-1200x900.jpeg 1200w, https:\/\/xaendi.ch\/wordpress\/wp-content\/uploads\/2022\/09\/2022-09-10-Weekend-in-Ardez-5.jpeg 1280w\" sizes=\"auto, (max-width: 300px) 85vw, 300px\" \/><\/a><figcaption>Guarda mit Regenbogen<\/figcaption><\/figure>\n\n\n\n<figure class=\"wp-block-image size-medium\"><a href=\"https:\/\/xaendi.ch\/wordpress\/wp-content\/uploads\/2022\/09\/2022-09-10-Weekend-in-Ardez-8.jpeg\"><img loading=\"lazy\" decoding=\"async\" width=\"300\" height=\"225\" data-id=\"1153\" src=\"https:\/\/xaendi.ch\/wordpress\/wp-content\/uploads\/2022\/09\/2022-09-10-Weekend-in-Ardez-8-300x225.jpeg\" alt=\"\" class=\"wp-image-1153\" srcset=\"https:\/\/xaendi.ch\/wordpress\/wp-content\/uploads\/2022\/09\/2022-09-10-Weekend-in-Ardez-8-300x225.jpeg 300w, https:\/\/xaendi.ch\/wordpress\/wp-content\/uploads\/2022\/09\/2022-09-10-Weekend-in-Ardez-8-1024x768.jpeg 1024w, https:\/\/xaendi.ch\/wordpress\/wp-content\/uploads\/2022\/09\/2022-09-10-Weekend-in-Ardez-8-768x576.jpeg 768w, https:\/\/xaendi.ch\/wordpress\/wp-content\/uploads\/2022\/09\/2022-09-10-Weekend-in-Ardez-8-1200x900.jpeg 1200w, https:\/\/xaendi.ch\/wordpress\/wp-content\/uploads\/2022\/09\/2022-09-10-Weekend-in-Ardez-8.jpeg 1280w\" sizes=\"auto, (max-width: 300px) 85vw, 300px\" \/><\/a><figcaption>Bahnstation Guarda<\/figcaption><\/figure>\n<\/figure>\n\n\n\n<p><\/p>\n\n\n\n<p>Von Guarda nach Ardez nahmen wir den Zug. Das war wiederum f\u00fcr X\u00e4ndi ein kleines Training mit den \u00d6V. Es war ein sch\u00f6nes, entspanntes Wochenende und wir wurden durch nichts um unseren Schlaf gebracht \ud83d\ude02.<\/p>\n\n\n\n<p><\/p>\n","protected":false},"excerpt":{"rendered":"<p>Dar\u00fcber soll meine Chefin berichten, bei mir w\u00fcrde der Bericht h\u00f6chstens f\u00fcnf Zeilen lang \ud83d\ude04 und vermutlich ziemlich langweilig, ausser vielleicht die Geschichte mit den Schafen! Alles klar X\u00e4ndi, dann \u00fcbernehme ich mal \ud83e\udd17&#8230;. Die Appenzeller sind ein sehr geselliges V\u00f6lkchen. Wir wohnen unmittelbar neben der Mehrzweckhalle und haben diverse Feste und deren unvermeidliche L\u00e4rmemissionen &hellip; <a href=\"https:\/\/xaendi.ch\/wordpress\/?p=1161\" class=\"more-link\"><span class=\"screen-reader-text\">&#8220;Ein Wochenende in Ardez&#8221; <\/span>weiterlesen<\/a><\/p>\n","protected":false},"author":3,"featured_media":0,"comment_status":"open","ping_status":"open","sticky":false,"template":"","format":"standard","meta":{"_stc_notifier_status":"sent","_stc_notifier_sent_time":"2022-09-27 11:33:05","_stc_notifier_request":false,"_stc_notifier_prevent":false,"_stc_subscriber_keywords":"","_stc_subscriber_search_areas":"","footnotes":""},"categories":[17,23,2],"tags":[18,7,26,8],"class_list":["post-1161","post","type-post","status-publish","format-standard","hentry","category-abenteuer","category-junghund","category-lebenslauf","tag-abenteuer","tag-appenzeller","tag-junghund","tag-sennenhund"],"_links":{"self":[{"href":"https:\/\/xaendi.ch\/wordpress\/index.php?rest_route=\/wp\/v2\/posts\/1161","targetHints":{"allow":["GET"]}}],"collection":[{"href":"https:\/\/xaendi.ch\/wordpress\/index.php?rest_route=\/wp\/v2\/posts"}],"about":[{"href":"https:\/\/xaendi.ch\/wordpress\/index.php?rest_route=\/wp\/v2\/types\/post"}],"author":[{"embeddable":true,"href":"https:\/\/xaendi.ch\/wordpress\/index.php?rest_route=\/wp\/v2\/users\/3"}],"replies":[{"embeddable":true,"href":"https:\/\/xaendi.ch\/wordpress\/index.php?rest_route=%2Fwp%2Fv2%2Fcomments&post=1161"}],"version-history":[{"count":30,"href":"https:\/\/xaendi.ch\/wordpress\/index.php?rest_route=\/wp\/v2\/posts\/1161\/revisions"}],"predecessor-version":[{"id":1192,"href":"https:\/\/xaendi.ch\/wordpress\/index.php?rest_route=\/wp\/v2\/posts\/1161\/revisions\/1192"}],"wp:attachment":[{"href":"https:\/\/xaendi.ch\/wordpress\/index.php?rest_route=%2Fwp%2Fv2%2Fmedia&parent=1161"}],"wp:term":[{"taxonomy":"category","embeddable":true,"href":"https:\/\/xaendi.ch\/wordpress\/index.php?rest_route=%2Fwp%2Fv2%2Fcategories&post=1161"},{"taxonomy":"post_tag","embeddable":true,"href":"https:\/\/xaendi.ch\/wordpress\/index.php?rest_route=%2Fwp%2Fv2%2Ftags&post=1161"}],"curies":[{"name":"wp","href":"https:\/\/api.w.org\/{rel}","templated":true}]}}